{"id":217,"date":"2018-02-07T12:01:58","date_gmt":"2018-02-07T11:01:58","guid":{"rendered":"http:\/\/www.fisheco.se\/blogg\/fiskedonnan\/?p=217"},"modified":"2018-02-07T12:01:58","modified_gmt":"2018-02-07T11:01:58","slug":"franvaro-och-nytt-livstecken","status":"publish","type":"post","link":"https:\/\/blogg.fisheco.se\/fiskedonnan\/2018\/02\/07\/franvaro-och-nytt-livstecken\/","title":{"rendered":"Fr\u00e5nvaro och nytt livstecken"},"content":{"rendered":"<p>Jag har varit fr\u00e5nvarande och osynlig i l\u00e5ngt \u00f6ver ett halv\u00e5r, som m\u00e5nga av er vet s\u00e5 har det varit ett turbulent sista halv\u00e5r p\u00e5 2017 f\u00f6r mig och min familjs del. Vi b\u00f6rjar sakta men s\u00e4kert \u00e5terh\u00e4mta oss efter min moders olycka. Hon m\u00e5r f\u00f6rh\u00e5llandevis bra och ska f\u00e5 \u00e5terv\u00e4nda hem inom tv\u00e5 m\u00e5nader efter 9 m\u00e5nader p\u00e5 sjukhuset. Nu m\u00e5ste jag passa p\u00e5 att tacka alla som h\u00f6rt av sig och lyck\u00f6nskat mig och min familj under denna period. Jag vill ocks\u00e5 tacka alla er som bidrog till pengainsamlingen som startades av Jahn Wirkola (administrat\u00f6r p\u00e5 Svenska G\u00e4ddfiskare). Tanken var att pengarna skulle g\u00e5 till en specialbyggd cykel d\u00e4r vi kunde f\u00e4sta mammas rullstol medans pappa cyklar. Det r\u00e4ckte dock inte hela v\u00e4gen fram till en cykel, pengarna gick d\u00e4rf\u00f6r till en kommunikationsplatta (i-Pad), en extra stor s\u00e5 att hon trots f\u00f6rlamningen kan kommunicera med v\u00e4rden utanf\u00f6r sjukhusets v\u00e4ggar. Tusen tack till alla som visat n\u00e5gon form av st\u00f6d och omtanke, jag \u00e4r evigt tacksam!<\/p>\n<p>Fem mil s\u00f6der om polcirkelns kant, temperaturm\u00e4taren utomhus visar -31 grader. Sn\u00f6n kl\u00e4ttrar upp och f\u00f6rbi f\u00f6nstren, hela landskapet \u00e4r vitt och stilla. Kylan har h\u00e5llit oss i ett m\u00e5lmedvetet grepp under en l\u00e4ngre tid. En period d\u00e4r ytterd\u00f6rren \u00f6ppnas endast f\u00f6r att springa i vardagens ekorrhjul, jobba och skaffa f\u00f6rn\u00f6denheter. Faren och Vimma (mina katter) springer iv\u00e4g till s\u00e4kert avst\u00e5nd n\u00e4r ytterd\u00f6rren \u00f6ppnas och de isande vindarna letar sig innanf\u00f6r husets varma v\u00e4ggar.<\/p>\n<p><img loading=\"lazy\" decoding=\"async\" class=\"alignnone size-medium wp-image-219\" src=\"https:\/\/blogg.fisheco.se\/fiskedonnan\/wp-content\/uploads\/sites\/9\/2018\/02\/20180207_114504-584x438.jpg\" alt=\"\" width=\"584\" height=\"438\" \/><\/p>\n<p>Fiskeabstinensens termometer sl\u00e5r i taket! Jag har inte sett en g\u00e4dda p\u00e5 flera m\u00e5nader, f\u00f6rutom dem jag har tatuerat p\u00e5 min kropp. Madness is a fact! V\u00e4ntan p\u00e5 varmare klimat \u00e4r v\u00e4rre \u00e4n v\u00e4ntan p\u00e5 Jultomten f\u00f6r ett barn p\u00e5 julafton. Nu \u00e4r det andra vintern vi bor h\u00e4r uppe, f\u00f6rra vintern var samma visa. Kallt, kallt och kallt, v\u00e4nta, v\u00e4nta och v\u00e4nta.<\/p>\n<p>D\u00e4rf\u00f6r best\u00e4mde jag mig f\u00f6r att hitta en syssels\u00e4ttning under vinterhalv\u00e5ret, g\u00f6rom\u00e5let blev ishockeydomare. Som m\u00e5nga av er redan vet s\u00e5 \u00e4r ishockey en stor del av mitt liv och har alltid varit sedan jag var fyra \u00e5r gammal. S\u00e4gnen s\u00e4ger att -\u201dAlla misslyckade hockeyspelare blir domare\u201d. N\u00e5ja, jag vet inte om det \u00e4r s\u00e5 sant, dock ganska kul.<\/p>\n<p><img loading=\"lazy\" decoding=\"async\" class=\"alignnone size-medium wp-image-218\" src=\"https:\/\/blogg.fisheco.se\/fiskedonnan\/wp-content\/uploads\/sites\/9\/2018\/02\/IMG_20180205_104546_222-584x584.jpg\" alt=\"\" width=\"584\" height=\"584\" \/><\/p>\n<p>Bokningarna f\u00f6r sommaren b\u00f6rjar trilla in p\u00e5 MBS-Guiding vilket k\u00e4nns otroligt roligt! N\u00e5gra \u00e5terkommande g\u00e4stgrupper samt n\u00e5gra nya. Ser verkligen fram emot sommaren och sp\u00e4nnande m\u00f6ten och varma \u00e5terseenden!<\/p>\n<p>Allt jag t\u00e4nkte var att meddela er var att jag \u00e4r tillbaka och blogginl\u00e4ggen ska b\u00f6rja fl\u00f6da i vanlig ordning. Mig blir ni inte av med s\u00e5 enkelt.<\/p>\n","protected":false},"excerpt":{"rendered":"<p>Jag har varit fr\u00e5nvarande och osynlig i l\u00e5ngt \u00f6ver ett halv\u00e5r, som m\u00e5nga av er vet s\u00e5 har det varit ett turbulent sista halv\u00e5r p\u00e5 2017 f\u00f6r mig och min familjs del. Vi b\u00f6rjar sakta men s\u00e4kert \u00e5terh\u00e4mta oss efter &hellip; <a href=\"https:\/\/blogg.fisheco.se\/fiskedonnan\/2018\/02\/07\/franvaro-och-nytt-livstecken\/\">Forts\u00e4tt l\u00e4sa <span class=\"meta-nav\">&rarr;<\/span><\/a><\/p>\n","protected":false},"author":19,"featured_media":0,"comment_status":"open","ping_status":"closed","sticky":false,"template":"","format":"standard","meta":{"footnotes":""},"categories":[1],"tags":[],"class_list":["post-217","post","type-post","status-publish","format-standard","hentry","category-okategoriserade"],"_links":{"self":[{"href":"https:\/\/blogg.fisheco.se\/fiskedonnan\/wp-json\/wp\/v2\/posts\/217","targetHints":{"allow":["GET"]}}],"collection":[{"href":"https:\/\/blogg.fisheco.se\/fiskedonnan\/wp-json\/wp\/v2\/posts"}],"about":[{"href":"https:\/\/blogg.fisheco.se\/fiskedonnan\/wp-json\/wp\/v2\/types\/post"}],"author":[{"embeddable":true,"href":"https:\/\/blogg.fisheco.se\/fiskedonnan\/wp-json\/wp\/v2\/users\/19"}],"replies":[{"embeddable":true,"href":"https:\/\/blogg.fisheco.se\/fiskedonnan\/wp-json\/wp\/v2\/comments?post=217"}],"version-history":[{"count":0,"href":"https:\/\/blogg.fisheco.se\/fiskedonnan\/wp-json\/wp\/v2\/posts\/217\/revisions"}],"wp:attachment":[{"href":"https:\/\/blogg.fisheco.se\/fiskedonnan\/wp-json\/wp\/v2\/media?parent=217"}],"wp:term":[{"taxonomy":"category","embeddable":true,"href":"https:\/\/blogg.fisheco.se\/fiskedonnan\/wp-json\/wp\/v2\/categories?post=217"},{"taxonomy":"post_tag","embeddable":true,"href":"https:\/\/blogg.fisheco.se\/fiskedonnan\/wp-json\/wp\/v2\/tags?post=217"}],"curies":[{"name":"wp","href":"https:\/\/api.w.org\/{rel}","templated":true}]}}