{"id":1140,"date":"2017-08-29T20:28:44","date_gmt":"2017-08-29T18:28:44","guid":{"rendered":"http:\/\/www.fisheco.se\/blogg\/ensamvargensfiske\/?p=1140"},"modified":"2017-08-29T20:28:44","modified_gmt":"2017-08-29T18:28:44","slug":"en-guldklimp-i-vardagen","status":"publish","type":"post","link":"https:\/\/blogg.fisheco.se\/ensamvargensfiske\/2017\/08\/29\/en-guldklimp-i-vardagen\/","title":{"rendered":"En guldklimp i vardagen"},"content":{"rendered":"<p>D\u00e5 var semestern \u00f6ver f\u00f6r den h\u00e4r g\u00e5ngen, vemodigt kan tyckas och visst var det med tunga steg man \u00e5terigen steg in genom d\u00f6rren till kontoret f\u00f6rra veckan&#8230; Men allt har sin tid brukar ju de som vet saker s\u00e4ga, s\u00e5 jag f\u00e5r v\u00e4l tro p\u00e5 dem, fast nej v\u00e4nta nu&#8230;<br \/>\nEfter sommaren kommer ju en helt magisk \u00e5rstid, h\u00f6sten!<br \/>\nDet kan v\u00e4l i och f\u00f6r sig st\u00e4mma att allt har sin tid, men \u00e4r man besatt av fisket och i mitt fall mete s\u00e5 styrs ens liv efter arter och metoder snarare \u00e4n m\u00e5nader och vad det nu kan vara som ing\u00e5r i de f\u00f6rutbest\u00e4mda \u00e5rstiderna?<\/p>\n<p>H\u00f6sten f\u00f6r mig \u00e4r som sagt en magisk \u00e5rstid, inte f\u00f6r att det b\u00f6rjar bli m\u00f6rkare och kallare ute, utan f\u00f6r det vankas g\u00e4ddmete!<br \/>\nSuget efter jakten p\u00e5 de stora damerna kommer alltid smygandes runt slutet av augusti, man b\u00f6rjar bygga upp en sl\u00e4ng av rej\u00e4l abstinens. Det blir oftast sv\u00e5rt att faktiskt fokusera p\u00e5 annat fiske, ist\u00e4llet b\u00f6rjar man fundera, planera och bygga upp f\u00f6rv\u00e4ntningarna kring h\u00f6stfisket efter g\u00e4dda, galet roligt!<\/p>\n<p><img loading=\"lazy\" decoding=\"async\" class=\"alignnone size-medium wp-image-1028\" src=\"http:\/\/www.fisheco.se\/blogg\/ensamvargensfiske\/files\/2017\/04\/fl\u00f6testrolling_4-584x387.jpg\" alt=\"\" width=\"584\" height=\"387\" \/><\/p>\n<p>Fast innan g\u00e4dds\u00e4songen kan p\u00e5b\u00f6rjas ska jag \u00e5ka iv\u00e4g och avsluta sommarmetet kan man v\u00e4l s\u00e4ga, s\u00e5 n\u00e4sta fredag styr jag bilen bort fr\u00e5n Sm\u00e5land och ut p\u00e5 \u00e4ventyr!<br \/>\nDet ska bli riktigt skoj och n\u00e5got jag ser fram emot.<\/p>\n<p>Men ig\u00e5r tog jag mig \u00e4nd\u00e5 ut p\u00e5 lite trevligt afterwork fiske, s\u00e5nt d\u00e4r mysigt mete d\u00e4r \u00e4ggmackor \u00e4ts medans man stirrar p\u00e5 quivertoppen, man vippar i sig kaffe och forts\u00e4tter stirra p\u00e5 toppen. Beten byts, slangbellan g\u00e5r varm och ibland bugar sig sp\u00f6t och drillen kan p\u00e5b\u00f6rjas. Mysfiske helt enkelt!<br \/>\nDet finns inga direkta planer eller stora f\u00f6rhoppningar p\u00e5 stor fisk, utan fisket g\u00e5r ut p\u00e5 att bara f\u00e5 vara ute vid vattnet, \u00e4ta sina mackor och drilla lite fisk.<\/p>\n<p><img loading=\"lazy\" decoding=\"async\" class=\"alignnone size-medium wp-image-1144\" src=\"http:\/\/www.fisheco.se\/blogg\/ensamvargensfiske\/files\/2017\/08\/sarv_1-1-584x386.jpg\" alt=\"\" width=\"584\" height=\"386\" \/><\/p>\n<p>Jag fiskade med lite olika beten som ost, korv, r\u00e4ka, bacon och br\u00f6d.<br \/>\nF\u00f6rhoppningen var att kunna lura en f\u00e4rna till att hugga och efter kanske 10 minuters fiske med en bit ost p\u00e5 kroken fick jag ett snabbt hugg och jag krokade. Fast fisk men det var ingen f\u00e4rna utan en brax p\u00e5 knappa 2 kilo skulle jag tro, den fick simma tillbaka omg\u00e5ende.<br \/>\nVar nog min f\u00f6rsta brax p\u00e5 ost&#8230;<\/p>\n<div id=\"attachment_1145\" style=\"width: 594px\" class=\"wp-caption alignnone\"><img loading=\"lazy\" decoding=\"async\" aria-describedby=\"caption-attachment-1145\" class=\"wp-image-1145 size-medium\" src=\"http:\/\/www.fisheco.se\/blogg\/ensamvargensfiske\/files\/2017\/08\/sarv_2-584x386.jpg\" alt=\"\" width=\"584\" height=\"386\" \/><p id=\"caption-attachment-1145\" class=\"wp-caption-text\">Min plats f\u00f6r kv\u00e4llen, ett mindre hav av v\u00e4xtlighet&#8230;<\/p><\/div>\n<p>Jag bytte beten och provade lite olika platser men jag fick mest n\u00e5gon enstaka m\u00f6rt p\u00e5 br\u00f6d och en liten brax. Visst jag skrev innan att jag bara ville drilla lite fisk, men brax p\u00e5 strax \u00f6ver 1 kilo \u00e4r kanske inte det mest sp\u00e4nnande&#8230;<\/p>\n<p><img loading=\"lazy\" decoding=\"async\" class=\"alignnone size-medium wp-image-1146\" src=\"http:\/\/www.fisheco.se\/blogg\/ensamvargensfiske\/files\/2017\/08\/sarv_3-584x386.jpg\" alt=\"\" width=\"584\" height=\"386\" \/><\/p>\n<p>N\u00e4r s\u00e5 m\u00f6rkret b\u00f6rjade komma s\u00e5 avtog aktiviteten och jag kunde b\u00f6rja fiska med br\u00f6d p\u00e5 kroken utan att sm\u00e5fisken attackerade den omg\u00e5ende. Efter kanske fem minuter fick jag n\u00e5gra snabba bugningar och jag krokade. Den h\u00e4r g\u00e5ngen var det lite mer fart i grejerna och snart kunde jag h\u00e5va en guldklimp. En fin sarv p\u00e5 780 gram.<\/p>\n<p><img loading=\"lazy\" decoding=\"async\" class=\"alignnone size-medium wp-image-1148\" src=\"http:\/\/www.fisheco.se\/blogg\/ensamvargensfiske\/files\/2017\/08\/sarv_5-584x438.jpg\" alt=\"\" width=\"584\" height=\"438\" \/><\/p>\n<p>Ny br\u00f6dbit \u00e5kte p\u00e5 kroken och kort efter den hamnade i vattnet nappade det igen och jag krokade, fast fisk igen!<br \/>\nMen tyv\u00e4rr bara f\u00f6r en kort stund&#8230; Det k\u00e4ndes som en sarv i liknande storlek som den f\u00f6rsta. Och efter den hade sl\u00e4ppt blev det v\u00e4ldigt tyst p\u00e5 min plats och efter en stund br\u00f6t jag f\u00f6r kv\u00e4llen och packade ihop.<br \/>\nAfterwork fisket blev helt klart godk\u00e4nt, det var enkelt, avkopplande och oplanerat. Precis som jag hade t\u00e4nkt mig det.<\/p>\n<p>Men nu var det nog det sista oplanerade fiskepasset p\u00e5 ett tag. F\u00f6r som sagt, snart \u00e4r h\u00f6sten h\u00e4r p\u00e5 riktigt och d\u00e5 g\u00e4ller det att vara redo, taggad och ha segt skinn i r\u00f6va!<br \/>\nF\u00f6r d\u00e5 ska det n\u00f6tas g\u00e4dda och jag l\u00e4ngtar!<\/p>\n","protected":false},"excerpt":{"rendered":"<p>D\u00e5 var semestern \u00f6ver f\u00f6r den h\u00e4r g\u00e5ngen, vemodigt kan tyckas och visst var det med tunga steg man \u00e5terigen steg in genom d\u00f6rren till kontoret f\u00f6rra veckan&#8230; Men allt har sin tid brukar ju de som vet saker s\u00e4ga, &hellip; <a href=\"https:\/\/blogg.fisheco.se\/ensamvargensfiske\/2017\/08\/29\/en-guldklimp-i-vardagen\/\">Forts\u00e4tt l\u00e4sa <span class=\"meta-nav\">&rarr;<\/span><\/a><\/p>\n","protected":false},"author":18,"featured_media":0,"comment_status":"open","ping_status":"closed","sticky":false,"template":"","format":"standard","meta":{"footnotes":""},"categories":[10],"tags":[21,2,6,45,4,84],"class_list":["post-1140","post","type-post","status-publish","format-standard","hentry","category-feedermete","tag-bottenmete","tag-farna","tag-gadda","tag-host","tag-mete","tag-sarv"],"_links":{"self":[{"href":"https:\/\/blogg.fisheco.se\/ensamvargensfiske\/wp-json\/wp\/v2\/posts\/1140","targetHints":{"allow":["GET"]}}],"collection":[{"href":"https:\/\/blogg.fisheco.se\/ensamvargensfiske\/wp-json\/wp\/v2\/posts"}],"about":[{"href":"https:\/\/blogg.fisheco.se\/ensamvargensfiske\/wp-json\/wp\/v2\/types\/post"}],"author":[{"embeddable":true,"href":"https:\/\/blogg.fisheco.se\/ensamvargensfiske\/wp-json\/wp\/v2\/users\/18"}],"replies":[{"embeddable":true,"href":"https:\/\/blogg.fisheco.se\/ensamvargensfiske\/wp-json\/wp\/v2\/comments?post=1140"}],"version-history":[{"count":0,"href":"https:\/\/blogg.fisheco.se\/ensamvargensfiske\/wp-json\/wp\/v2\/posts\/1140\/revisions"}],"wp:attachment":[{"href":"https:\/\/blogg.fisheco.se\/ensamvargensfiske\/wp-json\/wp\/v2\/media?parent=1140"}],"wp:term":[{"taxonomy":"category","embeddable":true,"href":"https:\/\/blogg.fisheco.se\/ensamvargensfiske\/wp-json\/wp\/v2\/categories?post=1140"},{"taxonomy":"post_tag","embeddable":true,"href":"https:\/\/blogg.fisheco.se\/ensamvargensfiske\/wp-json\/wp\/v2\/tags?post=1140"}],"curies":[{"name":"wp","href":"https:\/\/api.w.org\/{rel}","templated":true}]}}